{"id":4597,"date":"2020-02-07T12:22:52","date_gmt":"2020-02-07T11:22:52","guid":{"rendered":"http:\/\/www.arteartesania.com\/2020\/02\/07\/carlos-tellechea-linea-calas-fabrica-abandonada-larissa-domin\/"},"modified":"2020-03-13T09:35:12","modified_gmt":"2020-03-13T08:35:12","slug":"carlos-tellechea-calla-lilys-abandoned-factory-larissa-domin","status":"publish","type":"post","link":"https:\/\/www.arteartesania.com\/en\/carlos-tellechea-calla-lilys-abandoned-factory-larissa-domin\/","title":{"rendered":"Carlos Tellechea &#8211; Calla-Lilys &#8211; Abandoned factory &#8211; Larissa Domin"},"content":{"rendered":"","protected":false},"excerpt":{"rendered":"","protected":false},"author":1,"featured_media":0,"comment_status":"closed","ping_status":"open","sticky":false,"template":"","format":"video","meta":{"_acf_changed":false,"inline_featured_image":false,"footnotes":""},"categories":[211],"tags":[578,607,580],"class_list":["post-4597","post","type-post","status-publish","format-video","hentry","category-noticias-en","tag-arteartesania-en","tag-espacio-cultura-en","tag-mallorca-en","post_format-post-format-video","has-post-video"],"acf":[],"yoast_head":"<!-- This site is optimized with the Yoast SEO plugin v23.6 - https:\/\/yoast.com\/wordpress\/plugins\/seo\/ -->\n<title>Carlos Tellechea - Calla-Lilys - Abandoned factory - Larissa Domin - Arteartesania<\/title>\n<meta name=\"robots\" content=\"index, follow, max-snippet:-1, max-image-preview:large, max-video-preview:-1\" \/>\n<link rel=\"canonical\" href=\"https:\/\/www.arteartesania.com\/en\/carlos-tellechea-calla-lilys-abandoned-factory-larissa-domin\/\" \/>\n<meta property=\"og:locale\" content=\"en_US\" \/>\n<meta property=\"og:type\" content=\"article\" \/>\n<meta property=\"og:title\" content=\"Carlos Tellechea - Calla-Lilys - Abandoned factory - Larissa Domin - Arteartesania\" \/>\n<meta property=\"og:url\" content=\"https:\/\/www.arteartesania.com\/en\/carlos-tellechea-calla-lilys-abandoned-factory-larissa-domin\/\" \/>\n<meta property=\"og:site_name\" content=\"Arteartesania\" \/>\n<meta property=\"article:published_time\" content=\"2020-02-07T11:22:52+00:00\" \/>\n<meta property=\"article:modified_time\" content=\"2020-03-13T08:35:12+00:00\" \/>\n<meta name=\"author\" content=\"adminsom2\" \/>\n<meta name=\"twitter:card\" content=\"summary_large_image\" \/>\n<meta name=\"twitter:label1\" content=\"Written by\" \/>\n\t<meta name=\"twitter:data1\" content=\"adminsom2\" \/>\n<script type=\"application\/ld+json\" class=\"yoast-schema-graph\">{\"@context\":\"https:\/\/schema.org\",\"@graph\":[{\"@type\":\"Article\",\"@id\":\"https:\/\/www.arteartesania.com\/en\/carlos-tellechea-calla-lilys-abandoned-factory-larissa-domin\/#article\",\"isPartOf\":{\"@id\":\"https:\/\/www.arteartesania.com\/en\/carlos-tellechea-calla-lilys-abandoned-factory-larissa-domin\/\"},\"author\":{\"name\":\"adminsom2\",\"@id\":\"https:\/\/www.arteartesania.com\/en\/#\/schema\/person\/a0fdca9b3d0513d5e51f27c57242073e\"},\"headline\":\"Carlos Tellechea &#8211; Calla-Lilys &#8211; Abandoned factory &#8211; Larissa Domin\",\"datePublished\":\"2020-02-07T11:22:52+00:00\",\"dateModified\":\"2020-03-13T08:35:12+00:00\",\"mainEntityOfPage\":{\"@id\":\"https:\/\/www.arteartesania.com\/en\/carlos-tellechea-calla-lilys-abandoned-factory-larissa-domin\/\"},\"wordCount\":10,\"publisher\":{\"@id\":\"https:\/\/www.arteartesania.com\/en\/#organization\"},\"keywords\":[\"ARTEARTESANIA\",\"espacio cultura\",\"Mallorca\"],\"articleSection\":[\"Noticias\"],\"inLanguage\":\"en-US\"},{\"@type\":\"WebPage\",\"@id\":\"https:\/\/www.arteartesania.com\/en\/carlos-tellechea-calla-lilys-abandoned-factory-larissa-domin\/\",\"url\":\"https:\/\/www.arteartesania.com\/en\/carlos-tellechea-calla-lilys-abandoned-factory-larissa-domin\/\",\"name\":\"Carlos Tellechea - Calla-Lilys - Abandoned factory - Larissa Domin - Arteartesania\",\"isPartOf\":{\"@id\":\"https:\/\/www.arteartesania.com\/en\/#website\"},\"datePublished\":\"2020-02-07T11:22:52+00:00\",\"dateModified\":\"2020-03-13T08:35:12+00:00\",\"breadcrumb\":{\"@id\":\"https:\/\/www.arteartesania.com\/en\/carlos-tellechea-calla-lilys-abandoned-factory-larissa-domin\/#breadcrumb\"},\"inLanguage\":\"en-US\",\"potentialAction\":[{\"@type\":\"ReadAction\",\"target\":[\"https:\/\/www.arteartesania.com\/en\/carlos-tellechea-calla-lilys-abandoned-factory-larissa-domin\/\"]}]},{\"@type\":\"BreadcrumbList\",\"@id\":\"https:\/\/www.arteartesania.com\/en\/carlos-tellechea-calla-lilys-abandoned-factory-larissa-domin\/#breadcrumb\",\"itemListElement\":[{\"@type\":\"ListItem\",\"position\":1,\"name\":\"Portada\",\"item\":\"https:\/\/www.arteartesania.com\/en\/\"},{\"@type\":\"ListItem\",\"position\":2,\"name\":\"Carlos Tellechea &#8211; Calla-Lilys &#8211; Abandoned factory &#8211; Larissa Domin\"}]},{\"@type\":\"WebSite\",\"@id\":\"https:\/\/www.arteartesania.com\/en\/#website\",\"url\":\"https:\/\/www.arteartesania.com\/en\/\",\"name\":\"Arteartesania\",\"description\":\"Original selecci\u00f3n de Artesan\u00eda Contempor\u00e1nea de Autor\",\"publisher\":{\"@id\":\"https:\/\/www.arteartesania.com\/en\/#organization\"},\"potentialAction\":[{\"@type\":\"SearchAction\",\"target\":{\"@type\":\"EntryPoint\",\"urlTemplate\":\"https:\/\/www.arteartesania.com\/en\/?s={search_term_string}\"},\"query-input\":{\"@type\":\"PropertyValueSpecification\",\"valueRequired\":true,\"valueName\":\"search_term_string\"}}],\"inLanguage\":\"en-US\"},{\"@type\":\"Organization\",\"@id\":\"https:\/\/www.arteartesania.com\/en\/#organization\",\"name\":\"Arteartesania\",\"url\":\"https:\/\/www.arteartesania.com\/en\/\",\"logo\":{\"@type\":\"ImageObject\",\"inLanguage\":\"en-US\",\"@id\":\"https:\/\/www.arteartesania.com\/en\/#\/schema\/logo\/image\/\",\"url\":\"https:\/\/www.arteartesania.com\/wp-content\/uploads\/2019\/12\/cropped-logofooter.png\",\"contentUrl\":\"https:\/\/www.arteartesania.com\/wp-content\/uploads\/2019\/12\/cropped-logofooter.png\",\"width\":539,\"height\":58,\"caption\":\"Arteartesania\"},\"image\":{\"@id\":\"https:\/\/www.arteartesania.com\/en\/#\/schema\/logo\/image\/\"}},{\"@type\":\"Person\",\"@id\":\"https:\/\/www.arteartesania.com\/en\/#\/schema\/person\/a0fdca9b3d0513d5e51f27c57242073e\",\"name\":\"adminsom2\"}]}<\/script>\n<!-- \/ Yoast SEO plugin. -->","yoast_head_json":{"title":"Carlos Tellechea - Calla-Lilys - Abandoned factory - Larissa Domin - Arteartesania","robots":{"index":"index","follow":"follow","max-snippet":"max-snippet:-1","max-image-preview":"max-image-preview:large","max-video-preview":"max-video-preview:-1"},"canonical":"https:\/\/www.arteartesania.com\/en\/carlos-tellechea-calla-lilys-abandoned-factory-larissa-domin\/","og_locale":"en_US","og_type":"article","og_title":"Carlos Tellechea - Calla-Lilys - Abandoned factory - Larissa Domin - Arteartesania","og_url":"https:\/\/www.arteartesania.com\/en\/carlos-tellechea-calla-lilys-abandoned-factory-larissa-domin\/","og_site_name":"Arteartesania","article_published_time":"2020-02-07T11:22:52+00:00","article_modified_time":"2020-03-13T08:35:12+00:00","author":"adminsom2","twitter_card":"summary_large_image","twitter_misc":{"Written by":"adminsom2"},"schema":{"@context":"https:\/\/schema.org","@graph":[{"@type":"Article","@id":"https:\/\/www.arteartesania.com\/en\/carlos-tellechea-calla-lilys-abandoned-factory-larissa-domin\/#article","isPartOf":{"@id":"https:\/\/www.arteartesania.com\/en\/carlos-tellechea-calla-lilys-abandoned-factory-larissa-domin\/"},"author":{"name":"adminsom2","@id":"https:\/\/www.arteartesania.com\/en\/#\/schema\/person\/a0fdca9b3d0513d5e51f27c57242073e"},"headline":"Carlos Tellechea &#8211; Calla-Lilys &#8211; Abandoned factory &#8211; Larissa Domin","datePublished":"2020-02-07T11:22:52+00:00","dateModified":"2020-03-13T08:35:12+00:00","mainEntityOfPage":{"@id":"https:\/\/www.arteartesania.com\/en\/carlos-tellechea-calla-lilys-abandoned-factory-larissa-domin\/"},"wordCount":10,"publisher":{"@id":"https:\/\/www.arteartesania.com\/en\/#organization"},"keywords":["ARTEARTESANIA","espacio cultura","Mallorca"],"articleSection":["Noticias"],"inLanguage":"en-US"},{"@type":"WebPage","@id":"https:\/\/www.arteartesania.com\/en\/carlos-tellechea-calla-lilys-abandoned-factory-larissa-domin\/","url":"https:\/\/www.arteartesania.com\/en\/carlos-tellechea-calla-lilys-abandoned-factory-larissa-domin\/","name":"Carlos Tellechea - Calla-Lilys - Abandoned factory - Larissa Domin - Arteartesania","isPartOf":{"@id":"https:\/\/www.arteartesania.com\/en\/#website"},"datePublished":"2020-02-07T11:22:52+00:00","dateModified":"2020-03-13T08:35:12+00:00","breadcrumb":{"@id":"https:\/\/www.arteartesania.com\/en\/carlos-tellechea-calla-lilys-abandoned-factory-larissa-domin\/#breadcrumb"},"inLanguage":"en-US","potentialAction":[{"@type":"ReadAction","target":["https:\/\/www.arteartesania.com\/en\/carlos-tellechea-calla-lilys-abandoned-factory-larissa-domin\/"]}]},{"@type":"BreadcrumbList","@id":"https:\/\/www.arteartesania.com\/en\/carlos-tellechea-calla-lilys-abandoned-factory-larissa-domin\/#breadcrumb","itemListElement":[{"@type":"ListItem","position":1,"name":"Portada","item":"https:\/\/www.arteartesania.com\/en\/"},{"@type":"ListItem","position":2,"name":"Carlos Tellechea &#8211; Calla-Lilys &#8211; Abandoned factory &#8211; Larissa Domin"}]},{"@type":"WebSite","@id":"https:\/\/www.arteartesania.com\/en\/#website","url":"https:\/\/www.arteartesania.com\/en\/","name":"Arteartesania","description":"Original selecci\u00f3n de Artesan\u00eda Contempor\u00e1nea de Autor","publisher":{"@id":"https:\/\/www.arteartesania.com\/en\/#organization"},"potentialAction":[{"@type":"SearchAction","target":{"@type":"EntryPoint","urlTemplate":"https:\/\/www.arteartesania.com\/en\/?s={search_term_string}"},"query-input":{"@type":"PropertyValueSpecification","valueRequired":true,"valueName":"search_term_string"}}],"inLanguage":"en-US"},{"@type":"Organization","@id":"https:\/\/www.arteartesania.com\/en\/#organization","name":"Arteartesania","url":"https:\/\/www.arteartesania.com\/en\/","logo":{"@type":"ImageObject","inLanguage":"en-US","@id":"https:\/\/www.arteartesania.com\/en\/#\/schema\/logo\/image\/","url":"https:\/\/www.arteartesania.com\/wp-content\/uploads\/2019\/12\/cropped-logofooter.png","contentUrl":"https:\/\/www.arteartesania.com\/wp-content\/uploads\/2019\/12\/cropped-logofooter.png","width":539,"height":58,"caption":"Arteartesania"},"image":{"@id":"https:\/\/www.arteartesania.com\/en\/#\/schema\/logo\/image\/"}},{"@type":"Person","@id":"https:\/\/www.arteartesania.com\/en\/#\/schema\/person\/a0fdca9b3d0513d5e51f27c57242073e","name":"adminsom2"}]}},"_links":{"self":[{"href":"https:\/\/www.arteartesania.com\/en\/wp-json\/wp\/v2\/posts\/4597"}],"collection":[{"href":"https:\/\/www.arteartesania.com\/en\/wp-json\/wp\/v2\/posts"}],"about":[{"href":"https:\/\/www.arteartesania.com\/en\/wp-json\/wp\/v2\/types\/post"}],"author":[{"embeddable":true,"href":"https:\/\/www.arteartesania.com\/en\/wp-json\/wp\/v2\/users\/1"}],"replies":[{"embeddable":true,"href":"https:\/\/www.arteartesania.com\/en\/wp-json\/wp\/v2\/comments?post=4597"}],"version-history":[{"count":1,"href":"https:\/\/www.arteartesania.com\/en\/wp-json\/wp\/v2\/posts\/4597\/revisions"}],"predecessor-version":[{"id":5502,"href":"https:\/\/www.arteartesania.com\/en\/wp-json\/wp\/v2\/posts\/4597\/revisions\/5502"}],"wp:attachment":[{"href":"https:\/\/www.arteartesania.com\/en\/wp-json\/wp\/v2\/media?parent=4597"}],"wp:term":[{"taxonomy":"category","embeddable":true,"href":"https:\/\/www.arteartesania.com\/en\/wp-json\/wp\/v2\/categories?post=4597"},{"taxonomy":"post_tag","embeddable":true,"href":"https:\/\/www.arteartesania.com\/en\/wp-json\/wp\/v2\/tags?post=4597"}],"curies":[{"name":"wp","href":"https:\/\/api.w.org\/{rel}","templated":true}]}}