{"id":13961,"date":"2022-07-26T16:40:32","date_gmt":"2022-07-26T14:40:32","guid":{"rendered":"https:\/\/www.arteartesania.com\/anillos-de-compromiso-skyline-de-la-tramontana-autor-carlos-tellechea\/"},"modified":"2022-07-26T17:27:59","modified_gmt":"2022-07-26T15:27:59","slug":"anillos-de-compromiso-skyline-de-la-tramontana-autor-carlos-tellechea","status":"publish","type":"post","link":"https:\/\/www.arteartesania.com\/en\/anillos-de-compromiso-skyline-de-la-tramontana-autor-carlos-tellechea\/","title":{"rendered":"Engagement rings &#8211; Tramuntana Skyline &#8211; Author: Carlos Tellechea"},"content":{"rendered":"<p><img fetchpriority=\"high\" decoding=\"async\" class=\"alignnone wp-image-13957 size-full\" src=\"https:\/\/www.arteartesania.com\/wp-content\/uploads\/2022\/07\/SKYLINE-WEDDING-RING-RAFA-2-copia.jpg\" alt=\"\" width=\"1917\" height=\"433\" srcset=\"https:\/\/www.arteartesania.com\/wp-content\/uploads\/2022\/07\/SKYLINE-WEDDING-RING-RAFA-2-copia.jpg 1917w, https:\/\/www.arteartesania.com\/wp-content\/uploads\/2022\/07\/SKYLINE-WEDDING-RING-RAFA-2-copia-300x68.jpg 300w, https:\/\/www.arteartesania.com\/wp-content\/uploads\/2022\/07\/SKYLINE-WEDDING-RING-RAFA-2-copia-1024x231.jpg 1024w, https:\/\/www.arteartesania.com\/wp-content\/uploads\/2022\/07\/SKYLINE-WEDDING-RING-RAFA-2-copia-768x173.jpg 768w, https:\/\/www.arteartesania.com\/wp-content\/uploads\/2022\/07\/SKYLINE-WEDDING-RING-RAFA-2-copia-1536x347.jpg 1536w, https:\/\/www.arteartesania.com\/wp-content\/uploads\/2022\/07\/SKYLINE-WEDDING-RING-RAFA-2-copia-700x158.jpg 700w, https:\/\/www.arteartesania.com\/wp-content\/uploads\/2022\/07\/SKYLINE-WEDDING-RING-RAFA-2-copia-600x136.jpg 600w\" sizes=\"(max-width: 1917px) 100vw, 1917px\" \/><\/p>\n<p>One of the emblematic jobs that give meaning to the trade, are the engagement rings&#8230;<br \/>\nThe couple arrives at the Workshop and after chatting about their hobbies and tastes they tell me that they are mountaineers, mountain lovers, thinking about design, the boy suggests a Tramontana skyline from where they live, which is Campanet&#8230;<\/p>\n<p>They sent me a photo of the Tramontana, just as they saw it from home, and off to work&#8230;<\/p>\n<p>Everyone happy with the result<br \/>\nThank you very much for the Trust and letting me participate in your commitment<br \/>\n&#8212;&#8212;&#8212;&#8212;&#8212;&#8212;&#8212;&#8212;&#8212;&#8211;<\/p>\n<p>Author: Carlos Tellechea<\/p>\n<div id='gallery-1' class='gallery galleryid-13961 gallery-columns-1 gallery-size-full'><figure class='gallery-item'>\n\t\t\t<div class='gallery-icon portrait'>\n\t\t\t\t<a href='https:\/\/www.arteartesania.com\/en\/anillos-de-compromiso-skyline-de-la-tramontana-autor-carlos-tellechea\/anillo-skyline-tramontana-6-2\/'><img decoding=\"async\" width=\"2158\" height=\"2240\" data-src=\"https:\/\/www.arteartesania.com\/wp-content\/uploads\/2022\/07\/anillo-skyline-tramontana-6.jpeg\" class=\"attachment-full size-full lazyload\" alt=\"anillos alianza, anillos de compromiso, anillos personalizados\" aria-describedby=\"gallery-1-13942\" data-srcset=\"https:\/\/www.arteartesania.com\/wp-content\/uploads\/2022\/07\/anillo-skyline-tramontana-6.jpeg 2158w, https:\/\/www.arteartesania.com\/wp-content\/uploads\/2022\/07\/anillo-skyline-tramontana-6-289x300.jpeg 289w, https:\/\/www.arteartesania.com\/wp-content\/uploads\/2022\/07\/anillo-skyline-tramontana-6-987x1024.jpeg 987w, https:\/\/www.arteartesania.com\/wp-content\/uploads\/2022\/07\/anillo-skyline-tramontana-6-768x797.jpeg 768w, https:\/\/www.arteartesania.com\/wp-content\/uploads\/2022\/07\/anillo-skyline-tramontana-6-1480x1536.jpeg 1480w, https:\/\/www.arteartesania.com\/wp-content\/uploads\/2022\/07\/anillo-skyline-tramontana-6-1973x2048.jpeg 1973w, https:\/\/www.arteartesania.com\/wp-content\/uploads\/2022\/07\/anillo-skyline-tramontana-6-700x727.jpeg 700w, https:\/\/www.arteartesania.com\/wp-content\/uploads\/2022\/07\/anillo-skyline-tramontana-6-600x623.jpeg 600w\" data-sizes=\"(max-width: 2158px) 100vw, 2158px\" src=\"data:image\/gif;base64,R0lGODlhAQABAAAAACH5BAEKAAEALAAAAAABAAEAAAICTAEAOw==\" style=\"--smush-placeholder-width: 2158px; --smush-placeholder-aspect-ratio: 2158\/2240;\" \/><noscript><img decoding=\"async\" width=\"2158\" height=\"2240\" src=\"https:\/\/www.arteartesania.com\/wp-content\/uploads\/2022\/07\/anillo-skyline-tramontana-6.jpeg\" class=\"attachment-full size-full\" alt=\"anillos alianza, anillos de compromiso, anillos personalizados\" aria-describedby=\"gallery-1-13942\" srcset=\"https:\/\/www.arteartesania.com\/wp-content\/uploads\/2022\/07\/anillo-skyline-tramontana-6.jpeg 2158w, https:\/\/www.arteartesania.com\/wp-content\/uploads\/2022\/07\/anillo-skyline-tramontana-6-289x300.jpeg 289w, https:\/\/www.arteartesania.com\/wp-content\/uploads\/2022\/07\/anillo-skyline-tramontana-6-987x1024.jpeg 987w, https:\/\/www.arteartesania.com\/wp-content\/uploads\/2022\/07\/anillo-skyline-tramontana-6-768x797.jpeg 768w, https:\/\/www.arteartesania.com\/wp-content\/uploads\/2022\/07\/anillo-skyline-tramontana-6-1480x1536.jpeg 1480w, https:\/\/www.arteartesania.com\/wp-content\/uploads\/2022\/07\/anillo-skyline-tramontana-6-1973x2048.jpeg 1973w, https:\/\/www.arteartesania.com\/wp-content\/uploads\/2022\/07\/anillo-skyline-tramontana-6-700x727.jpeg 700w, https:\/\/www.arteartesania.com\/wp-content\/uploads\/2022\/07\/anillo-skyline-tramontana-6-600x623.jpeg 600w\" sizes=\"(max-width: 2158px) 100vw, 2158px\" \/><\/noscript><\/a>\n\t\t\t<\/div>\n\t\t\t\t<figcaption class='wp-caption-text gallery-caption' id='gallery-1-13942'>\n\t\t\t\tSkyline de la Tramontana\n\t\t\t\t<\/figcaption><\/figure><figure class='gallery-item'>\n\t\t\t<div class='gallery-icon landscape'>\n\t\t\t\t<a href='https:\/\/www.arteartesania.com\/en\/anillos-de-compromiso-skyline-de-la-tramontana-autor-carlos-tellechea\/anillo-skyline-tramontana-5-2\/'><img decoding=\"async\" width=\"2022\" height=\"2015\" data-src=\"https:\/\/www.arteartesania.com\/wp-content\/uploads\/2022\/07\/anillo-skyline-tramontana-5.jpeg\" class=\"attachment-full size-full lazyload\" alt=\"anillos alianza, anillos de compromiso, anillos personalizados\" aria-describedby=\"gallery-1-13939\" data-srcset=\"https:\/\/www.arteartesania.com\/wp-content\/uploads\/2022\/07\/anillo-skyline-tramontana-5.jpeg 2022w, https:\/\/www.arteartesania.com\/wp-content\/uploads\/2022\/07\/anillo-skyline-tramontana-5-300x300.jpeg 300w, https:\/\/www.arteartesania.com\/wp-content\/uploads\/2022\/07\/anillo-skyline-tramontana-5-1024x1020.jpeg 1024w, https:\/\/www.arteartesania.com\/wp-content\/uploads\/2022\/07\/anillo-skyline-tramontana-5-150x150.jpeg 150w, https:\/\/www.arteartesania.com\/wp-content\/uploads\/2022\/07\/anillo-skyline-tramontana-5-768x765.jpeg 768w, https:\/\/www.arteartesania.com\/wp-content\/uploads\/2022\/07\/anillo-skyline-tramontana-5-1536x1531.jpeg 1536w, https:\/\/www.arteartesania.com\/wp-content\/uploads\/2022\/07\/anillo-skyline-tramontana-5-700x698.jpeg 700w, https:\/\/www.arteartesania.com\/wp-content\/uploads\/2022\/07\/anillo-skyline-tramontana-5-80x80.jpeg 80w, https:\/\/www.arteartesania.com\/wp-content\/uploads\/2022\/07\/anillo-skyline-tramontana-5-600x598.jpeg 600w, https:\/\/www.arteartesania.com\/wp-content\/uploads\/2022\/07\/anillo-skyline-tramontana-5-100x100.jpeg 100w\" data-sizes=\"(max-width: 2022px) 100vw, 2022px\" src=\"data:image\/gif;base64,R0lGODlhAQABAAAAACH5BAEKAAEALAAAAAABAAEAAAICTAEAOw==\" style=\"--smush-placeholder-width: 2022px; --smush-placeholder-aspect-ratio: 2022\/2015;\" \/><noscript><img decoding=\"async\" width=\"2022\" height=\"2015\" src=\"https:\/\/www.arteartesania.com\/wp-content\/uploads\/2022\/07\/anillo-skyline-tramontana-5.jpeg\" class=\"attachment-full size-full\" alt=\"anillos alianza, anillos de compromiso, anillos personalizados\" aria-describedby=\"gallery-1-13939\" srcset=\"https:\/\/www.arteartesania.com\/wp-content\/uploads\/2022\/07\/anillo-skyline-tramontana-5.jpeg 2022w, https:\/\/www.arteartesania.com\/wp-content\/uploads\/2022\/07\/anillo-skyline-tramontana-5-300x300.jpeg 300w, https:\/\/www.arteartesania.com\/wp-content\/uploads\/2022\/07\/anillo-skyline-tramontana-5-1024x1020.jpeg 1024w, https:\/\/www.arteartesania.com\/wp-content\/uploads\/2022\/07\/anillo-skyline-tramontana-5-150x150.jpeg 150w, https:\/\/www.arteartesania.com\/wp-content\/uploads\/2022\/07\/anillo-skyline-tramontana-5-768x765.jpeg 768w, https:\/\/www.arteartesania.com\/wp-content\/uploads\/2022\/07\/anillo-skyline-tramontana-5-1536x1531.jpeg 1536w, https:\/\/www.arteartesania.com\/wp-content\/uploads\/2022\/07\/anillo-skyline-tramontana-5-700x698.jpeg 700w, https:\/\/www.arteartesania.com\/wp-content\/uploads\/2022\/07\/anillo-skyline-tramontana-5-80x80.jpeg 80w, https:\/\/www.arteartesania.com\/wp-content\/uploads\/2022\/07\/anillo-skyline-tramontana-5-600x598.jpeg 600w, https:\/\/www.arteartesania.com\/wp-content\/uploads\/2022\/07\/anillo-skyline-tramontana-5-100x100.jpeg 100w\" sizes=\"(max-width: 2022px) 100vw, 2022px\" \/><\/noscript><\/a>\n\t\t\t<\/div>\n\t\t\t\t<figcaption class='wp-caption-text gallery-caption' id='gallery-1-13939'>\n\t\t\t\tSkyline de la Tramontana\n\t\t\t\t<\/figcaption><\/figure><figure class='gallery-item'>\n\t\t\t<div class='gallery-icon landscape'>\n\t\t\t\t<a href='https:\/\/www.arteartesania.com\/en\/anillos-de-compromiso-skyline-de-la-tramontana-autor-carlos-tellechea\/anillo-skyline-tramontana2-2\/'><img loading=\"lazy\" decoding=\"async\" width=\"2387\" height=\"2040\" data-src=\"https:\/\/www.arteartesania.com\/wp-content\/uploads\/2022\/07\/anillo-skyline-tramontana2.jpeg\" class=\"attachment-full size-full lazyload\" alt=\"anillos alianza, anillos de compromiso, anillos personalizados\" aria-describedby=\"gallery-1-13945\" data-srcset=\"https:\/\/www.arteartesania.com\/wp-content\/uploads\/2022\/07\/anillo-skyline-tramontana2.jpeg 2387w, https:\/\/www.arteartesania.com\/wp-content\/uploads\/2022\/07\/anillo-skyline-tramontana2-300x256.jpeg 300w, https:\/\/www.arteartesania.com\/wp-content\/uploads\/2022\/07\/anillo-skyline-tramontana2-1024x875.jpeg 1024w, https:\/\/www.arteartesania.com\/wp-content\/uploads\/2022\/07\/anillo-skyline-tramontana2-768x656.jpeg 768w, https:\/\/www.arteartesania.com\/wp-content\/uploads\/2022\/07\/anillo-skyline-tramontana2-1536x1313.jpeg 1536w, https:\/\/www.arteartesania.com\/wp-content\/uploads\/2022\/07\/anillo-skyline-tramontana2-2048x1750.jpeg 2048w, https:\/\/www.arteartesania.com\/wp-content\/uploads\/2022\/07\/anillo-skyline-tramontana2-700x598.jpeg 700w, https:\/\/www.arteartesania.com\/wp-content\/uploads\/2022\/07\/anillo-skyline-tramontana2-600x513.jpeg 600w\" data-sizes=\"(max-width: 2387px) 100vw, 2387px\" src=\"data:image\/gif;base64,R0lGODlhAQABAAAAACH5BAEKAAEALAAAAAABAAEAAAICTAEAOw==\" style=\"--smush-placeholder-width: 2387px; --smush-placeholder-aspect-ratio: 2387\/2040;\" \/><noscript><img loading=\"lazy\" decoding=\"async\" width=\"2387\" height=\"2040\" src=\"https:\/\/www.arteartesania.com\/wp-content\/uploads\/2022\/07\/anillo-skyline-tramontana2.jpeg\" class=\"attachment-full size-full\" alt=\"anillos alianza, anillos de compromiso, anillos personalizados\" aria-describedby=\"gallery-1-13945\" srcset=\"https:\/\/www.arteartesania.com\/wp-content\/uploads\/2022\/07\/anillo-skyline-tramontana2.jpeg 2387w, https:\/\/www.arteartesania.com\/wp-content\/uploads\/2022\/07\/anillo-skyline-tramontana2-300x256.jpeg 300w, https:\/\/www.arteartesania.com\/wp-content\/uploads\/2022\/07\/anillo-skyline-tramontana2-1024x875.jpeg 1024w, https:\/\/www.arteartesania.com\/wp-content\/uploads\/2022\/07\/anillo-skyline-tramontana2-768x656.jpeg 768w, https:\/\/www.arteartesania.com\/wp-content\/uploads\/2022\/07\/anillo-skyline-tramontana2-1536x1313.jpeg 1536w, https:\/\/www.arteartesania.com\/wp-content\/uploads\/2022\/07\/anillo-skyline-tramontana2-2048x1750.jpeg 2048w, https:\/\/www.arteartesania.com\/wp-content\/uploads\/2022\/07\/anillo-skyline-tramontana2-700x598.jpeg 700w, https:\/\/www.arteartesania.com\/wp-content\/uploads\/2022\/07\/anillo-skyline-tramontana2-600x513.jpeg 600w\" sizes=\"(max-width: 2387px) 100vw, 2387px\" \/><\/noscript><\/a>\n\t\t\t<\/div>\n\t\t\t\t<figcaption class='wp-caption-text gallery-caption' id='gallery-1-13945'>\n\t\t\t\t Anillos Skyline de la Tramontana &#8211; Carlos Tellechea\n\t\t\t\t<\/figcaption><\/figure><figure class='gallery-item'>\n\t\t\t<div class='gallery-icon portrait'>\n\t\t\t\t<a href='https:\/\/www.arteartesania.com\/en\/anillos-de-compromiso-skyline-de-la-tramontana-autor-carlos-tellechea\/anillo-skyline-tramontana-4-2\/'><img loading=\"lazy\" decoding=\"async\" width=\"2540\" height=\"2560\" data-src=\"https:\/\/www.arteartesania.com\/wp-content\/uploads\/2022\/07\/anillo-skyline-tramontana-4-scaled.jpeg\" class=\"attachment-full size-full lazyload\" alt=\"anillos alianza, anillos de compromiso, anillos personalizados\" aria-describedby=\"gallery-1-13936\" data-srcset=\"https:\/\/www.arteartesania.com\/wp-content\/uploads\/2022\/07\/anillo-skyline-tramontana-4-scaled.jpeg 2540w, https:\/\/www.arteartesania.com\/wp-content\/uploads\/2022\/07\/anillo-skyline-tramontana-4-298x300.jpeg 298w, https:\/\/www.arteartesania.com\/wp-content\/uploads\/2022\/07\/anillo-skyline-tramontana-4-1016x1024.jpeg 1016w, https:\/\/www.arteartesania.com\/wp-content\/uploads\/2022\/07\/anillo-skyline-tramontana-4-150x150.jpeg 150w, https:\/\/www.arteartesania.com\/wp-content\/uploads\/2022\/07\/anillo-skyline-tramontana-4-768x774.jpeg 768w, https:\/\/www.arteartesania.com\/wp-content\/uploads\/2022\/07\/anillo-skyline-tramontana-4-1524x1536.jpeg 1524w, https:\/\/www.arteartesania.com\/wp-content\/uploads\/2022\/07\/anillo-skyline-tramontana-4-2032x2048.jpeg 2032w, https:\/\/www.arteartesania.com\/wp-content\/uploads\/2022\/07\/anillo-skyline-tramontana-4-700x705.jpeg 700w, https:\/\/www.arteartesania.com\/wp-content\/uploads\/2022\/07\/anillo-skyline-tramontana-4-80x80.jpeg 80w, https:\/\/www.arteartesania.com\/wp-content\/uploads\/2022\/07\/anillo-skyline-tramontana-4-600x605.jpeg 600w, https:\/\/www.arteartesania.com\/wp-content\/uploads\/2022\/07\/anillo-skyline-tramontana-4-100x100.jpeg 100w\" data-sizes=\"(max-width: 2540px) 100vw, 2540px\" src=\"data:image\/gif;base64,R0lGODlhAQABAAAAACH5BAEKAAEALAAAAAABAAEAAAICTAEAOw==\" style=\"--smush-placeholder-width: 2540px; --smush-placeholder-aspect-ratio: 2540\/2560;\" \/><noscript><img loading=\"lazy\" decoding=\"async\" width=\"2540\" height=\"2560\" src=\"https:\/\/www.arteartesania.com\/wp-content\/uploads\/2022\/07\/anillo-skyline-tramontana-4-scaled.jpeg\" class=\"attachment-full size-full\" alt=\"anillos alianza, anillos de compromiso, anillos personalizados\" aria-describedby=\"gallery-1-13936\" srcset=\"https:\/\/www.arteartesania.com\/wp-content\/uploads\/2022\/07\/anillo-skyline-tramontana-4-scaled.jpeg 2540w, https:\/\/www.arteartesania.com\/wp-content\/uploads\/2022\/07\/anillo-skyline-tramontana-4-298x300.jpeg 298w, https:\/\/www.arteartesania.com\/wp-content\/uploads\/2022\/07\/anillo-skyline-tramontana-4-1016x1024.jpeg 1016w, https:\/\/www.arteartesania.com\/wp-content\/uploads\/2022\/07\/anillo-skyline-tramontana-4-150x150.jpeg 150w, https:\/\/www.arteartesania.com\/wp-content\/uploads\/2022\/07\/anillo-skyline-tramontana-4-768x774.jpeg 768w, https:\/\/www.arteartesania.com\/wp-content\/uploads\/2022\/07\/anillo-skyline-tramontana-4-1524x1536.jpeg 1524w, https:\/\/www.arteartesania.com\/wp-content\/uploads\/2022\/07\/anillo-skyline-tramontana-4-2032x2048.jpeg 2032w, https:\/\/www.arteartesania.com\/wp-content\/uploads\/2022\/07\/anillo-skyline-tramontana-4-700x705.jpeg 700w, https:\/\/www.arteartesania.com\/wp-content\/uploads\/2022\/07\/anillo-skyline-tramontana-4-80x80.jpeg 80w, https:\/\/www.arteartesania.com\/wp-content\/uploads\/2022\/07\/anillo-skyline-tramontana-4-600x605.jpeg 600w, https:\/\/www.arteartesania.com\/wp-content\/uploads\/2022\/07\/anillo-skyline-tramontana-4-100x100.jpeg 100w\" sizes=\"(max-width: 2540px) 100vw, 2540px\" \/><\/noscript><\/a>\n\t\t\t<\/div>\n\t\t\t\t<figcaption class='wp-caption-text gallery-caption' id='gallery-1-13936'>\n\t\t\t\t Anillos Skyline de la Tramontana &#8211; Carlos Tellechea\n\t\t\t\t<\/figcaption><\/figure><figure class='gallery-item'>\n\t\t\t<div class='gallery-icon portrait'>\n\t\t\t\t<a href='https:\/\/www.arteartesania.com\/en\/anillos-de-compromiso-skyline-de-la-tramontana-autor-carlos-tellechea\/anillo-skyline-tramontana-3-2\/'><img loading=\"lazy\" decoding=\"async\" width=\"2170\" height=\"2487\" data-src=\"https:\/\/www.arteartesania.com\/wp-content\/uploads\/2022\/07\/anillo-skyline-tramontana-3.jpeg\" class=\"attachment-full size-full lazyload\" alt=\"anillos alianza, anillos de compromiso, anillos personalizados\" aria-describedby=\"gallery-1-13933\" data-srcset=\"https:\/\/www.arteartesania.com\/wp-content\/uploads\/2022\/07\/anillo-skyline-tramontana-3.jpeg 2170w, https:\/\/www.arteartesania.com\/wp-content\/uploads\/2022\/07\/anillo-skyline-tramontana-3-262x300.jpeg 262w, https:\/\/www.arteartesania.com\/wp-content\/uploads\/2022\/07\/anillo-skyline-tramontana-3-893x1024.jpeg 893w, https:\/\/www.arteartesania.com\/wp-content\/uploads\/2022\/07\/anillo-skyline-tramontana-3-768x880.jpeg 768w, https:\/\/www.arteartesania.com\/wp-content\/uploads\/2022\/07\/anillo-skyline-tramontana-3-1340x1536.jpeg 1340w, https:\/\/www.arteartesania.com\/wp-content\/uploads\/2022\/07\/anillo-skyline-tramontana-3-1787x2048.jpeg 1787w, https:\/\/www.arteartesania.com\/wp-content\/uploads\/2022\/07\/anillo-skyline-tramontana-3-700x802.jpeg 700w, https:\/\/www.arteartesania.com\/wp-content\/uploads\/2022\/07\/anillo-skyline-tramontana-3-600x688.jpeg 600w\" data-sizes=\"(max-width: 2170px) 100vw, 2170px\" src=\"data:image\/gif;base64,R0lGODlhAQABAAAAACH5BAEKAAEALAAAAAABAAEAAAICTAEAOw==\" style=\"--smush-placeholder-width: 2170px; --smush-placeholder-aspect-ratio: 2170\/2487;\" \/><noscript><img loading=\"lazy\" decoding=\"async\" width=\"2170\" height=\"2487\" src=\"https:\/\/www.arteartesania.com\/wp-content\/uploads\/2022\/07\/anillo-skyline-tramontana-3.jpeg\" class=\"attachment-full size-full\" alt=\"anillos alianza, anillos de compromiso, anillos personalizados\" aria-describedby=\"gallery-1-13933\" srcset=\"https:\/\/www.arteartesania.com\/wp-content\/uploads\/2022\/07\/anillo-skyline-tramontana-3.jpeg 2170w, https:\/\/www.arteartesania.com\/wp-content\/uploads\/2022\/07\/anillo-skyline-tramontana-3-262x300.jpeg 262w, https:\/\/www.arteartesania.com\/wp-content\/uploads\/2022\/07\/anillo-skyline-tramontana-3-893x1024.jpeg 893w, https:\/\/www.arteartesania.com\/wp-content\/uploads\/2022\/07\/anillo-skyline-tramontana-3-768x880.jpeg 768w, https:\/\/www.arteartesania.com\/wp-content\/uploads\/2022\/07\/anillo-skyline-tramontana-3-1340x1536.jpeg 1340w, https:\/\/www.arteartesania.com\/wp-content\/uploads\/2022\/07\/anillo-skyline-tramontana-3-1787x2048.jpeg 1787w, https:\/\/www.arteartesania.com\/wp-content\/uploads\/2022\/07\/anillo-skyline-tramontana-3-700x802.jpeg 700w, https:\/\/www.arteartesania.com\/wp-content\/uploads\/2022\/07\/anillo-skyline-tramontana-3-600x688.jpeg 600w\" sizes=\"(max-width: 2170px) 100vw, 2170px\" \/><\/noscript><\/a>\n\t\t\t<\/div>\n\t\t\t\t<figcaption class='wp-caption-text gallery-caption' id='gallery-1-13933'>\n\t\t\t\t Anillos Skyline de la Tramontana &#8211; Carlos Tellechea\n\t\t\t\t<\/figcaption><\/figure><figure class='gallery-item'>\n\t\t\t<div class='gallery-icon portrait'>\n\t\t\t\t<a href='https:\/\/www.arteartesania.com\/en\/anillos-de-compromiso-skyline-de-la-tramontana-autor-carlos-tellechea\/anillo-skyline-tramontana-2\/'><img loading=\"lazy\" decoding=\"async\" width=\"2157\" height=\"2292\" data-src=\"https:\/\/www.arteartesania.com\/wp-content\/uploads\/2022\/07\/anillo-skyline-tramontana-.jpeg\" class=\"attachment-full size-full lazyload\" alt=\"anillos alianza, anillos de compromiso, anillos personalizados\" aria-describedby=\"gallery-1-13930\" data-srcset=\"https:\/\/www.arteartesania.com\/wp-content\/uploads\/2022\/07\/anillo-skyline-tramontana-.jpeg 2157w, https:\/\/www.arteartesania.com\/wp-content\/uploads\/2022\/07\/anillo-skyline-tramontana--282x300.jpeg 282w, https:\/\/www.arteartesania.com\/wp-content\/uploads\/2022\/07\/anillo-skyline-tramontana--964x1024.jpeg 964w, https:\/\/www.arteartesania.com\/wp-content\/uploads\/2022\/07\/anillo-skyline-tramontana--768x816.jpeg 768w, https:\/\/www.arteartesania.com\/wp-content\/uploads\/2022\/07\/anillo-skyline-tramontana--1446x1536.jpeg 1446w, https:\/\/www.arteartesania.com\/wp-content\/uploads\/2022\/07\/anillo-skyline-tramontana--1927x2048.jpeg 1927w, https:\/\/www.arteartesania.com\/wp-content\/uploads\/2022\/07\/anillo-skyline-tramontana--700x744.jpeg 700w, https:\/\/www.arteartesania.com\/wp-content\/uploads\/2022\/07\/anillo-skyline-tramontana--600x638.jpeg 600w\" data-sizes=\"(max-width: 2157px) 100vw, 2157px\" src=\"data:image\/gif;base64,R0lGODlhAQABAAAAACH5BAEKAAEALAAAAAABAAEAAAICTAEAOw==\" style=\"--smush-placeholder-width: 2157px; --smush-placeholder-aspect-ratio: 2157\/2292;\" \/><noscript><img loading=\"lazy\" decoding=\"async\" width=\"2157\" height=\"2292\" src=\"https:\/\/www.arteartesania.com\/wp-content\/uploads\/2022\/07\/anillo-skyline-tramontana-.jpeg\" class=\"attachment-full size-full\" alt=\"anillos alianza, anillos de compromiso, anillos personalizados\" aria-describedby=\"gallery-1-13930\" srcset=\"https:\/\/www.arteartesania.com\/wp-content\/uploads\/2022\/07\/anillo-skyline-tramontana-.jpeg 2157w, https:\/\/www.arteartesania.com\/wp-content\/uploads\/2022\/07\/anillo-skyline-tramontana--282x300.jpeg 282w, https:\/\/www.arteartesania.com\/wp-content\/uploads\/2022\/07\/anillo-skyline-tramontana--964x1024.jpeg 964w, https:\/\/www.arteartesania.com\/wp-content\/uploads\/2022\/07\/anillo-skyline-tramontana--768x816.jpeg 768w, https:\/\/www.arteartesania.com\/wp-content\/uploads\/2022\/07\/anillo-skyline-tramontana--1446x1536.jpeg 1446w, https:\/\/www.arteartesania.com\/wp-content\/uploads\/2022\/07\/anillo-skyline-tramontana--1927x2048.jpeg 1927w, https:\/\/www.arteartesania.com\/wp-content\/uploads\/2022\/07\/anillo-skyline-tramontana--700x744.jpeg 700w, https:\/\/www.arteartesania.com\/wp-content\/uploads\/2022\/07\/anillo-skyline-tramontana--600x638.jpeg 600w\" sizes=\"(max-width: 2157px) 100vw, 2157px\" \/><\/noscript><\/a>\n\t\t\t<\/div>\n\t\t\t\t<figcaption class='wp-caption-text gallery-caption' id='gallery-1-13930'>\n\t\t\t\t Anillos Skyline de la Tramontana &#8211; Carlos Tellechea\n\t\t\t\t<\/figcaption><\/figure>\n\t\t<\/div>\n\n","protected":false},"excerpt":{"rendered":"<p>One of the emblematic jobs that give meaning to the trade, are the engagement rings&#8230; The couple arrives at the Workshop and after chatting about their hobbies and tastes they tell me that they are mountaineers, mountain lovers, thinking about design, the boy suggests a Tramontana skyline from where they live, which is Campanet&#8230; They &hellip; <\/p>\n<p class=\"link-more\"><a href=\"https:\/\/www.arteartesania.com\/en\/anillos-de-compromiso-skyline-de-la-tramontana-autor-carlos-tellechea\/\" class=\"more-link\">Read More <span class=\"screen-reader-text\"> &#8220;Engagement rings &#8211; Tramuntana Skyline &#8211; Author: Carlos Tellechea&#8221;<\/span><\/a><\/p>\n","protected":false},"author":3,"featured_media":13930,"comment_status":"closed","ping_status":"open","sticky":false,"template":"","format":"standard","meta":{"_acf_changed":false,"inline_featured_image":false,"footnotes":""},"categories":[211],"tags":[],"class_list":["post-13961","post","type-post","status-publish","format-standard","has-post-thumbnail","hentry","category-noticias-en"],"acf":[],"yoast_head":"<!-- This site is optimized with the Yoast SEO plugin v23.6 - https:\/\/yoast.com\/wordpress\/plugins\/seo\/ -->\n<title>Engagement rings - Tramuntana Skyline - Author: Carlos Tellechea - Arteartesania<\/title>\n<meta name=\"robots\" content=\"index, follow, max-snippet:-1, max-image-preview:large, max-video-preview:-1\" \/>\n<link rel=\"canonical\" href=\"https:\/\/www.arteartesania.com\/en\/anillos-de-compromiso-skyline-de-la-tramontana-autor-carlos-tellechea\/\" \/>\n<meta property=\"og:locale\" content=\"en_US\" \/>\n<meta property=\"og:type\" content=\"article\" \/>\n<meta property=\"og:title\" content=\"Engagement rings - Tramuntana Skyline - Author: Carlos Tellechea - Arteartesania\" \/>\n<meta property=\"og:description\" content=\"One of the emblematic jobs that give meaning to the trade, are the engagement rings&#8230; The couple arrives at the Workshop and after chatting about their hobbies and tastes they tell me that they are mountaineers, mountain lovers, thinking about design, the boy suggests a Tramontana skyline from where they live, which is Campanet&#8230; They &hellip; Read More &quot;Engagement rings &#8211; Tramuntana Skyline &#8211; Author: Carlos Tellechea&quot;\" \/>\n<meta property=\"og:url\" content=\"https:\/\/www.arteartesania.com\/en\/anillos-de-compromiso-skyline-de-la-tramontana-autor-carlos-tellechea\/\" \/>\n<meta property=\"og:site_name\" content=\"Arteartesania\" \/>\n<meta property=\"article:published_time\" content=\"2022-07-26T14:40:32+00:00\" \/>\n<meta property=\"article:modified_time\" content=\"2022-07-26T15:27:59+00:00\" \/>\n<meta property=\"og:image\" content=\"https:\/\/www.arteartesania.com\/wp-content\/uploads\/2022\/07\/anillo-skyline-tramontana-.jpeg\" \/>\n\t<meta property=\"og:image:width\" content=\"2157\" \/>\n\t<meta property=\"og:image:height\" content=\"2292\" \/>\n\t<meta property=\"og:image:type\" content=\"image\/jpeg\" \/>\n<meta name=\"author\" content=\"carlos\" \/>\n<meta name=\"twitter:card\" content=\"summary_large_image\" \/>\n<meta name=\"twitter:label1\" content=\"Written by\" \/>\n\t<meta name=\"twitter:data1\" content=\"carlos\" \/>\n\t<meta name=\"twitter:label2\" content=\"Est. reading time\" \/>\n\t<meta name=\"twitter:data2\" content=\"1 minute\" \/>\n<script type=\"application\/ld+json\" class=\"yoast-schema-graph\">{\"@context\":\"https:\/\/schema.org\",\"@graph\":[{\"@type\":\"Article\",\"@id\":\"https:\/\/www.arteartesania.com\/en\/anillos-de-compromiso-skyline-de-la-tramontana-autor-carlos-tellechea\/#article\",\"isPartOf\":{\"@id\":\"https:\/\/www.arteartesania.com\/en\/anillos-de-compromiso-skyline-de-la-tramontana-autor-carlos-tellechea\/\"},\"author\":{\"name\":\"carlos\",\"@id\":\"https:\/\/www.arteartesania.com\/en\/#\/schema\/person\/1afff04ae1a16c732b1d0cf479c655ae\"},\"headline\":\"Engagement rings &#8211; Tramuntana Skyline &#8211; Author: Carlos Tellechea\",\"datePublished\":\"2022-07-26T14:40:32+00:00\",\"dateModified\":\"2022-07-26T15:27:59+00:00\",\"mainEntityOfPage\":{\"@id\":\"https:\/\/www.arteartesania.com\/en\/anillos-de-compromiso-skyline-de-la-tramontana-autor-carlos-tellechea\/\"},\"wordCount\":110,\"publisher\":{\"@id\":\"https:\/\/www.arteartesania.com\/en\/#organization\"},\"image\":{\"@id\":\"https:\/\/www.arteartesania.com\/en\/anillos-de-compromiso-skyline-de-la-tramontana-autor-carlos-tellechea\/#primaryimage\"},\"thumbnailUrl\":\"https:\/\/www.arteartesania.com\/wp-content\/uploads\/2022\/07\/anillo-skyline-tramontana-.jpeg\",\"articleSection\":[\"Noticias\"],\"inLanguage\":\"en-US\"},{\"@type\":\"WebPage\",\"@id\":\"https:\/\/www.arteartesania.com\/en\/anillos-de-compromiso-skyline-de-la-tramontana-autor-carlos-tellechea\/\",\"url\":\"https:\/\/www.arteartesania.com\/en\/anillos-de-compromiso-skyline-de-la-tramontana-autor-carlos-tellechea\/\",\"name\":\"Engagement rings - Tramuntana Skyline - Author: Carlos Tellechea - Arteartesania\",\"isPartOf\":{\"@id\":\"https:\/\/www.arteartesania.com\/en\/#website\"},\"primaryImageOfPage\":{\"@id\":\"https:\/\/www.arteartesania.com\/en\/anillos-de-compromiso-skyline-de-la-tramontana-autor-carlos-tellechea\/#primaryimage\"},\"image\":{\"@id\":\"https:\/\/www.arteartesania.com\/en\/anillos-de-compromiso-skyline-de-la-tramontana-autor-carlos-tellechea\/#primaryimage\"},\"thumbnailUrl\":\"https:\/\/www.arteartesania.com\/wp-content\/uploads\/2022\/07\/anillo-skyline-tramontana-.jpeg\",\"datePublished\":\"2022-07-26T14:40:32+00:00\",\"dateModified\":\"2022-07-26T15:27:59+00:00\",\"breadcrumb\":{\"@id\":\"https:\/\/www.arteartesania.com\/en\/anillos-de-compromiso-skyline-de-la-tramontana-autor-carlos-tellechea\/#breadcrumb\"},\"inLanguage\":\"en-US\",\"potentialAction\":[{\"@type\":\"ReadAction\",\"target\":[\"https:\/\/www.arteartesania.com\/en\/anillos-de-compromiso-skyline-de-la-tramontana-autor-carlos-tellechea\/\"]}]},{\"@type\":\"ImageObject\",\"inLanguage\":\"en-US\",\"@id\":\"https:\/\/www.arteartesania.com\/en\/anillos-de-compromiso-skyline-de-la-tramontana-autor-carlos-tellechea\/#primaryimage\",\"url\":\"https:\/\/www.arteartesania.com\/wp-content\/uploads\/2022\/07\/anillo-skyline-tramontana-.jpeg\",\"contentUrl\":\"https:\/\/www.arteartesania.com\/wp-content\/uploads\/2022\/07\/anillo-skyline-tramontana-.jpeg\",\"width\":2157,\"height\":2292,\"caption\":\"Anillos Skyline de la Tramontana - Carlos Tellechea\"},{\"@type\":\"BreadcrumbList\",\"@id\":\"https:\/\/www.arteartesania.com\/en\/anillos-de-compromiso-skyline-de-la-tramontana-autor-carlos-tellechea\/#breadcrumb\",\"itemListElement\":[{\"@type\":\"ListItem\",\"position\":1,\"name\":\"Portada\",\"item\":\"https:\/\/www.arteartesania.com\/en\/\"},{\"@type\":\"ListItem\",\"position\":2,\"name\":\"Engagement rings &#8211; Tramuntana Skyline &#8211; Author: Carlos Tellechea\"}]},{\"@type\":\"WebSite\",\"@id\":\"https:\/\/www.arteartesania.com\/en\/#website\",\"url\":\"https:\/\/www.arteartesania.com\/en\/\",\"name\":\"Arteartesania\",\"description\":\"Original selecci\u00f3n de Artesan\u00eda Contempor\u00e1nea de Autor\",\"publisher\":{\"@id\":\"https:\/\/www.arteartesania.com\/en\/#organization\"},\"potentialAction\":[{\"@type\":\"SearchAction\",\"target\":{\"@type\":\"EntryPoint\",\"urlTemplate\":\"https:\/\/www.arteartesania.com\/en\/?s={search_term_string}\"},\"query-input\":{\"@type\":\"PropertyValueSpecification\",\"valueRequired\":true,\"valueName\":\"search_term_string\"}}],\"inLanguage\":\"en-US\"},{\"@type\":\"Organization\",\"@id\":\"https:\/\/www.arteartesania.com\/en\/#organization\",\"name\":\"Arteartesania\",\"url\":\"https:\/\/www.arteartesania.com\/en\/\",\"logo\":{\"@type\":\"ImageObject\",\"inLanguage\":\"en-US\",\"@id\":\"https:\/\/www.arteartesania.com\/en\/#\/schema\/logo\/image\/\",\"url\":\"https:\/\/www.arteartesania.com\/wp-content\/uploads\/2019\/12\/cropped-logofooter.png\",\"contentUrl\":\"https:\/\/www.arteartesania.com\/wp-content\/uploads\/2019\/12\/cropped-logofooter.png\",\"width\":539,\"height\":58,\"caption\":\"Arteartesania\"},\"image\":{\"@id\":\"https:\/\/www.arteartesania.com\/en\/#\/schema\/logo\/image\/\"}},{\"@type\":\"Person\",\"@id\":\"https:\/\/www.arteartesania.com\/en\/#\/schema\/person\/1afff04ae1a16c732b1d0cf479c655ae\",\"name\":\"carlos\"}]}<\/script>\n<!-- \/ Yoast SEO plugin. -->","yoast_head_json":{"title":"Engagement rings - Tramuntana Skyline - Author: Carlos Tellechea - Arteartesania","robots":{"index":"index","follow":"follow","max-snippet":"max-snippet:-1","max-image-preview":"max-image-preview:large","max-video-preview":"max-video-preview:-1"},"canonical":"https:\/\/www.arteartesania.com\/en\/anillos-de-compromiso-skyline-de-la-tramontana-autor-carlos-tellechea\/","og_locale":"en_US","og_type":"article","og_title":"Engagement rings - Tramuntana Skyline - Author: Carlos Tellechea - Arteartesania","og_description":"One of the emblematic jobs that give meaning to the trade, are the engagement rings&#8230; The couple arrives at the Workshop and after chatting about their hobbies and tastes they tell me that they are mountaineers, mountain lovers, thinking about design, the boy suggests a Tramontana skyline from where they live, which is Campanet&#8230; They &hellip; Read More \"Engagement rings &#8211; Tramuntana Skyline &#8211; Author: Carlos Tellechea\"","og_url":"https:\/\/www.arteartesania.com\/en\/anillos-de-compromiso-skyline-de-la-tramontana-autor-carlos-tellechea\/","og_site_name":"Arteartesania","article_published_time":"2022-07-26T14:40:32+00:00","article_modified_time":"2022-07-26T15:27:59+00:00","og_image":[{"width":2157,"height":2292,"url":"https:\/\/www.arteartesania.com\/wp-content\/uploads\/2022\/07\/anillo-skyline-tramontana-.jpeg","type":"image\/jpeg"}],"author":"carlos","twitter_card":"summary_large_image","twitter_misc":{"Written by":"carlos","Est. reading time":"1 minute"},"schema":{"@context":"https:\/\/schema.org","@graph":[{"@type":"Article","@id":"https:\/\/www.arteartesania.com\/en\/anillos-de-compromiso-skyline-de-la-tramontana-autor-carlos-tellechea\/#article","isPartOf":{"@id":"https:\/\/www.arteartesania.com\/en\/anillos-de-compromiso-skyline-de-la-tramontana-autor-carlos-tellechea\/"},"author":{"name":"carlos","@id":"https:\/\/www.arteartesania.com\/en\/#\/schema\/person\/1afff04ae1a16c732b1d0cf479c655ae"},"headline":"Engagement rings &#8211; Tramuntana Skyline &#8211; Author: Carlos Tellechea","datePublished":"2022-07-26T14:40:32+00:00","dateModified":"2022-07-26T15:27:59+00:00","mainEntityOfPage":{"@id":"https:\/\/www.arteartesania.com\/en\/anillos-de-compromiso-skyline-de-la-tramontana-autor-carlos-tellechea\/"},"wordCount":110,"publisher":{"@id":"https:\/\/www.arteartesania.com\/en\/#organization"},"image":{"@id":"https:\/\/www.arteartesania.com\/en\/anillos-de-compromiso-skyline-de-la-tramontana-autor-carlos-tellechea\/#primaryimage"},"thumbnailUrl":"https:\/\/www.arteartesania.com\/wp-content\/uploads\/2022\/07\/anillo-skyline-tramontana-.jpeg","articleSection":["Noticias"],"inLanguage":"en-US"},{"@type":"WebPage","@id":"https:\/\/www.arteartesania.com\/en\/anillos-de-compromiso-skyline-de-la-tramontana-autor-carlos-tellechea\/","url":"https:\/\/www.arteartesania.com\/en\/anillos-de-compromiso-skyline-de-la-tramontana-autor-carlos-tellechea\/","name":"Engagement rings - Tramuntana Skyline - Author: Carlos Tellechea - Arteartesania","isPartOf":{"@id":"https:\/\/www.arteartesania.com\/en\/#website"},"primaryImageOfPage":{"@id":"https:\/\/www.arteartesania.com\/en\/anillos-de-compromiso-skyline-de-la-tramontana-autor-carlos-tellechea\/#primaryimage"},"image":{"@id":"https:\/\/www.arteartesania.com\/en\/anillos-de-compromiso-skyline-de-la-tramontana-autor-carlos-tellechea\/#primaryimage"},"thumbnailUrl":"https:\/\/www.arteartesania.com\/wp-content\/uploads\/2022\/07\/anillo-skyline-tramontana-.jpeg","datePublished":"2022-07-26T14:40:32+00:00","dateModified":"2022-07-26T15:27:59+00:00","breadcrumb":{"@id":"https:\/\/www.arteartesania.com\/en\/anillos-de-compromiso-skyline-de-la-tramontana-autor-carlos-tellechea\/#breadcrumb"},"inLanguage":"en-US","potentialAction":[{"@type":"ReadAction","target":["https:\/\/www.arteartesania.com\/en\/anillos-de-compromiso-skyline-de-la-tramontana-autor-carlos-tellechea\/"]}]},{"@type":"ImageObject","inLanguage":"en-US","@id":"https:\/\/www.arteartesania.com\/en\/anillos-de-compromiso-skyline-de-la-tramontana-autor-carlos-tellechea\/#primaryimage","url":"https:\/\/www.arteartesania.com\/wp-content\/uploads\/2022\/07\/anillo-skyline-tramontana-.jpeg","contentUrl":"https:\/\/www.arteartesania.com\/wp-content\/uploads\/2022\/07\/anillo-skyline-tramontana-.jpeg","width":2157,"height":2292,"caption":"Anillos Skyline de la Tramontana - Carlos Tellechea"},{"@type":"BreadcrumbList","@id":"https:\/\/www.arteartesania.com\/en\/anillos-de-compromiso-skyline-de-la-tramontana-autor-carlos-tellechea\/#breadcrumb","itemListElement":[{"@type":"ListItem","position":1,"name":"Portada","item":"https:\/\/www.arteartesania.com\/en\/"},{"@type":"ListItem","position":2,"name":"Engagement rings &#8211; Tramuntana Skyline &#8211; Author: Carlos Tellechea"}]},{"@type":"WebSite","@id":"https:\/\/www.arteartesania.com\/en\/#website","url":"https:\/\/www.arteartesania.com\/en\/","name":"Arteartesania","description":"Original selecci\u00f3n de Artesan\u00eda Contempor\u00e1nea de Autor","publisher":{"@id":"https:\/\/www.arteartesania.com\/en\/#organization"},"potentialAction":[{"@type":"SearchAction","target":{"@type":"EntryPoint","urlTemplate":"https:\/\/www.arteartesania.com\/en\/?s={search_term_string}"},"query-input":{"@type":"PropertyValueSpecification","valueRequired":true,"valueName":"search_term_string"}}],"inLanguage":"en-US"},{"@type":"Organization","@id":"https:\/\/www.arteartesania.com\/en\/#organization","name":"Arteartesania","url":"https:\/\/www.arteartesania.com\/en\/","logo":{"@type":"ImageObject","inLanguage":"en-US","@id":"https:\/\/www.arteartesania.com\/en\/#\/schema\/logo\/image\/","url":"https:\/\/www.arteartesania.com\/wp-content\/uploads\/2019\/12\/cropped-logofooter.png","contentUrl":"https:\/\/www.arteartesania.com\/wp-content\/uploads\/2019\/12\/cropped-logofooter.png","width":539,"height":58,"caption":"Arteartesania"},"image":{"@id":"https:\/\/www.arteartesania.com\/en\/#\/schema\/logo\/image\/"}},{"@type":"Person","@id":"https:\/\/www.arteartesania.com\/en\/#\/schema\/person\/1afff04ae1a16c732b1d0cf479c655ae","name":"carlos"}]}},"_links":{"self":[{"href":"https:\/\/www.arteartesania.com\/en\/wp-json\/wp\/v2\/posts\/13961"}],"collection":[{"href":"https:\/\/www.arteartesania.com\/en\/wp-json\/wp\/v2\/posts"}],"about":[{"href":"https:\/\/www.arteartesania.com\/en\/wp-json\/wp\/v2\/types\/post"}],"author":[{"embeddable":true,"href":"https:\/\/www.arteartesania.com\/en\/wp-json\/wp\/v2\/users\/3"}],"replies":[{"embeddable":true,"href":"https:\/\/www.arteartesania.com\/en\/wp-json\/wp\/v2\/comments?post=13961"}],"version-history":[{"count":2,"href":"https:\/\/www.arteartesania.com\/en\/wp-json\/wp\/v2\/posts\/13961\/revisions"}],"predecessor-version":[{"id":13964,"href":"https:\/\/www.arteartesania.com\/en\/wp-json\/wp\/v2\/posts\/13961\/revisions\/13964"}],"wp:featuredmedia":[{"embeddable":true,"href":"https:\/\/www.arteartesania.com\/en\/wp-json\/wp\/v2\/media\/13930"}],"wp:attachment":[{"href":"https:\/\/www.arteartesania.com\/en\/wp-json\/wp\/v2\/media?parent=13961"}],"wp:term":[{"taxonomy":"category","embeddable":true,"href":"https:\/\/www.arteartesania.com\/en\/wp-json\/wp\/v2\/categories?post=13961"},{"taxonomy":"post_tag","embeddable":true,"href":"https:\/\/www.arteartesania.com\/en\/wp-json\/wp\/v2\/tags?post=13961"}],"curies":[{"name":"wp","href":"https:\/\/api.w.org\/{rel}","templated":true}]}}